{"id":753,"date":"2021-04-05T08:23:09","date_gmt":"2021-04-05T08:23:09","guid":{"rendered":"http:\/\/perfimur.com\/web\/?p=753"},"modified":"2022-04-06T10:37:20","modified_gmt":"2022-04-06T10:37:20","slug":"perfimur-augmente-sa-capacite-avec-deux-nouvelles-lignes-de-production","status":"publish","type":"post","link":"https:\/\/perfimur.com\/web\/fr\/perfimur-augmente-sa-capacite-avec-deux-nouvelles-lignes-de-production\/","title":{"rendered":"Perfimur augmente sa capacit\u00e9 avec deux nouvelles lignes de production"},"content":{"rendered":"\n<p>Perfiles Murcia (Perfimur), une entreprise de Murcie sp\u00e9cialis\u00e9e dans la fabrication de panneaux m\u00e9talliques, de pannes et de t\u00f4les profil\u00e9es, a termin\u00e9 l&#8217;agrandissement de ses installations centrales situ\u00e9es \u00e0 Las Torres de Cotillas.<\/p>\n\n\n\n<p class=\"has-text-color\" style=\"color:#2441a9\"><a href=\"https:\/\/www.alimarket.es\/construccion\/noticia\/316510\/perfimur-aumenta-su-capacidad-con-dos-nuevas-lineas-de-produccion\">Voir l&#8217;article complet.<\/a><\/p>\n\n\n\n<p><\/p>\n","protected":false},"excerpt":{"rendered":"<p>Perfiles Murcia (Perfimur), une entreprise de Murcie sp\u00e9cialis\u00e9e dans la fabrication de panneaux m\u00e9talliques, de pannes et de t\u00f4les profil\u00e9es, a termin\u00e9 l&#8217;agrandissement de ses installations centrales situ\u00e9es \u00e0 Las Torres de Cotillas. Voir l&#8217;article complet.<\/p>\n","protected":false},"author":1,"featured_media":394,"comment_status":"closed","ping_status":"closed","sticky":false,"template":"","format":"standard","meta":{"_et_pb_use_builder":"","_et_pb_old_content":"","_et_gb_content_width":"","footnotes":""},"categories":[32],"tags":[],"class_list":["post-753","post","type-post","status-publish","format-standard","has-post-thumbnail","hentry","category-sin-categoria-fr"],"yoast_head":"<!-- This site is optimized with the Yoast SEO plugin v26.2 - https:\/\/yoast.com\/wordpress\/plugins\/seo\/ -->\n<title>Perfimur augmente sa capacit\u00e9 avec deux nouvelles lignes de production &#8211; Perfimur<\/title>\n<meta name=\"robots\" content=\"index, follow, max-snippet:-1, max-image-preview:large, max-video-preview:-1\" \/>\n<link rel=\"canonical\" href=\"https:\/\/perfimur.com\/web\/fr\/perfimur-augmente-sa-capacite-avec-deux-nouvelles-lignes-de-production\/\" \/>\n<meta property=\"og:locale\" content=\"es_ES\" \/>\n<meta property=\"og:type\" content=\"article\" \/>\n<meta property=\"og:title\" content=\"Perfimur augmente sa capacit\u00e9 avec deux nouvelles lignes de production &#8211; Perfimur\" \/>\n<meta property=\"og:description\" content=\"Perfiles Murcia (Perfimur), une entreprise de Murcie sp\u00e9cialis\u00e9e dans la fabrication de panneaux m\u00e9talliques, de pannes et de t\u00f4les profil\u00e9es, a termin\u00e9 l&#8217;agrandissement de ses installations centrales situ\u00e9es \u00e0 Las Torres de Cotillas. Voir l&#8217;article complet.\" \/>\n<meta property=\"og:url\" content=\"https:\/\/perfimur.com\/web\/fr\/perfimur-augmente-sa-capacite-avec-deux-nouvelles-lignes-de-production\/\" \/>\n<meta property=\"og:site_name\" content=\"Perfimur\" \/>\n<meta property=\"article:published_time\" content=\"2021-04-05T08:23:09+00:00\" \/>\n<meta property=\"article:modified_time\" content=\"2022-04-06T10:37:20+00:00\" \/>\n<meta property=\"og:image\" content=\"https:\/\/perfimur.com\/web\/wp-content\/uploads\/2020\/09\/DSC_0361-scaled.jpg\" \/>\n\t<meta property=\"og:image:width\" content=\"2560\" \/>\n\t<meta property=\"og:image:height\" content=\"1700\" \/>\n\t<meta property=\"og:image:type\" content=\"image\/jpeg\" \/>\n<meta name=\"author\" content=\"perfimur\" \/>\n<meta name=\"twitter:card\" content=\"summary_large_image\" \/>\n<meta name=\"twitter:label1\" content=\"Escrito por\" \/>\n\t<meta name=\"twitter:data1\" content=\"perfimur\" \/>\n\t<meta name=\"twitter:label2\" content=\"Tiempo de lectura\" \/>\n\t<meta name=\"twitter:data2\" content=\"1 minuto\" \/>\n<script type=\"application\/ld+json\" class=\"yoast-schema-graph\">{\"@context\":\"https:\/\/schema.org\",\"@graph\":[{\"@type\":\"WebPage\",\"@id\":\"https:\/\/perfimur.com\/web\/fr\/perfimur-augmente-sa-capacite-avec-deux-nouvelles-lignes-de-production\/\",\"url\":\"https:\/\/perfimur.com\/web\/fr\/perfimur-augmente-sa-capacite-avec-deux-nouvelles-lignes-de-production\/\",\"name\":\"Perfimur augmente sa capacit\u00e9 avec deux nouvelles lignes de production &#8211; Perfimur\",\"isPartOf\":{\"@id\":\"https:\/\/perfimur.com\/web\/#website\"},\"primaryImageOfPage\":{\"@id\":\"https:\/\/perfimur.com\/web\/fr\/perfimur-augmente-sa-capacite-avec-deux-nouvelles-lignes-de-production\/#primaryimage\"},\"image\":{\"@id\":\"https:\/\/perfimur.com\/web\/fr\/perfimur-augmente-sa-capacite-avec-deux-nouvelles-lignes-de-production\/#primaryimage\"},\"thumbnailUrl\":\"https:\/\/perfimur.com\/web\/wp-content\/uploads\/2020\/09\/DSC_0361-scaled.jpg\",\"datePublished\":\"2021-04-05T08:23:09+00:00\",\"dateModified\":\"2022-04-06T10:37:20+00:00\",\"author\":{\"@id\":\"https:\/\/perfimur.com\/web\/#\/schema\/person\/5eaaa92c43847745bd67c1c76f7429df\"},\"breadcrumb\":{\"@id\":\"https:\/\/perfimur.com\/web\/fr\/perfimur-augmente-sa-capacite-avec-deux-nouvelles-lignes-de-production\/#breadcrumb\"},\"inLanguage\":\"es\",\"potentialAction\":[{\"@type\":\"ReadAction\",\"target\":[\"https:\/\/perfimur.com\/web\/fr\/perfimur-augmente-sa-capacite-avec-deux-nouvelles-lignes-de-production\/\"]}]},{\"@type\":\"ImageObject\",\"inLanguage\":\"es\",\"@id\":\"https:\/\/perfimur.com\/web\/fr\/perfimur-augmente-sa-capacite-avec-deux-nouvelles-lignes-de-production\/#primaryimage\",\"url\":\"https:\/\/perfimur.com\/web\/wp-content\/uploads\/2020\/09\/DSC_0361-scaled.jpg\",\"contentUrl\":\"https:\/\/perfimur.com\/web\/wp-content\/uploads\/2020\/09\/DSC_0361-scaled.jpg\",\"width\":2560,\"height\":1700},{\"@type\":\"BreadcrumbList\",\"@id\":\"https:\/\/perfimur.com\/web\/fr\/perfimur-augmente-sa-capacite-avec-deux-nouvelles-lignes-de-production\/#breadcrumb\",\"itemListElement\":[{\"@type\":\"ListItem\",\"position\":1,\"name\":\"Portada\",\"item\":\"https:\/\/perfimur.com\/web\/\"},{\"@type\":\"ListItem\",\"position\":2,\"name\":\"Perfimur augmente sa capacit\u00e9 avec deux nouvelles lignes de production\"}]},{\"@type\":\"WebSite\",\"@id\":\"https:\/\/perfimur.com\/web\/#website\",\"url\":\"https:\/\/perfimur.com\/web\/\",\"name\":\"Perfimur\",\"description\":\"Perfiles Murcia\",\"potentialAction\":[{\"@type\":\"SearchAction\",\"target\":{\"@type\":\"EntryPoint\",\"urlTemplate\":\"https:\/\/perfimur.com\/web\/?s={search_term_string}\"},\"query-input\":{\"@type\":\"PropertyValueSpecification\",\"valueRequired\":true,\"valueName\":\"search_term_string\"}}],\"inLanguage\":\"es\"},{\"@type\":\"Person\",\"@id\":\"https:\/\/perfimur.com\/web\/#\/schema\/person\/5eaaa92c43847745bd67c1c76f7429df\",\"name\":\"perfimur\",\"image\":{\"@type\":\"ImageObject\",\"inLanguage\":\"es\",\"@id\":\"https:\/\/perfimur.com\/web\/#\/schema\/person\/image\/\",\"url\":\"https:\/\/secure.gravatar.com\/avatar\/aef39cdb3d5569b6008531aa9e1297cae0053ff9672b28e86aba3d11e511f5cd?s=96&d=mm&r=g\",\"contentUrl\":\"https:\/\/secure.gravatar.com\/avatar\/aef39cdb3d5569b6008531aa9e1297cae0053ff9672b28e86aba3d11e511f5cd?s=96&d=mm&r=g\",\"caption\":\"perfimur\"}}]}<\/script>\n<!-- \/ Yoast SEO plugin. -->","yoast_head_json":{"title":"Perfimur augmente sa capacit\u00e9 avec deux nouvelles lignes de production &#8211; Perfimur","robots":{"index":"index","follow":"follow","max-snippet":"max-snippet:-1","max-image-preview":"max-image-preview:large","max-video-preview":"max-video-preview:-1"},"canonical":"https:\/\/perfimur.com\/web\/fr\/perfimur-augmente-sa-capacite-avec-deux-nouvelles-lignes-de-production\/","og_locale":"es_ES","og_type":"article","og_title":"Perfimur augmente sa capacit\u00e9 avec deux nouvelles lignes de production &#8211; Perfimur","og_description":"Perfiles Murcia (Perfimur), une entreprise de Murcie sp\u00e9cialis\u00e9e dans la fabrication de panneaux m\u00e9talliques, de pannes et de t\u00f4les profil\u00e9es, a termin\u00e9 l&#8217;agrandissement de ses installations centrales situ\u00e9es \u00e0 Las Torres de Cotillas. Voir l&#8217;article complet.","og_url":"https:\/\/perfimur.com\/web\/fr\/perfimur-augmente-sa-capacite-avec-deux-nouvelles-lignes-de-production\/","og_site_name":"Perfimur","article_published_time":"2021-04-05T08:23:09+00:00","article_modified_time":"2022-04-06T10:37:20+00:00","og_image":[{"width":2560,"height":1700,"url":"https:\/\/perfimur.com\/web\/wp-content\/uploads\/2020\/09\/DSC_0361-scaled.jpg","type":"image\/jpeg"}],"author":"perfimur","twitter_card":"summary_large_image","twitter_misc":{"Escrito por":"perfimur","Tiempo de lectura":"1 minuto"},"schema":{"@context":"https:\/\/schema.org","@graph":[{"@type":"WebPage","@id":"https:\/\/perfimur.com\/web\/fr\/perfimur-augmente-sa-capacite-avec-deux-nouvelles-lignes-de-production\/","url":"https:\/\/perfimur.com\/web\/fr\/perfimur-augmente-sa-capacite-avec-deux-nouvelles-lignes-de-production\/","name":"Perfimur augmente sa capacit\u00e9 avec deux nouvelles lignes de production &#8211; Perfimur","isPartOf":{"@id":"https:\/\/perfimur.com\/web\/#website"},"primaryImageOfPage":{"@id":"https:\/\/perfimur.com\/web\/fr\/perfimur-augmente-sa-capacite-avec-deux-nouvelles-lignes-de-production\/#primaryimage"},"image":{"@id":"https:\/\/perfimur.com\/web\/fr\/perfimur-augmente-sa-capacite-avec-deux-nouvelles-lignes-de-production\/#primaryimage"},"thumbnailUrl":"https:\/\/perfimur.com\/web\/wp-content\/uploads\/2020\/09\/DSC_0361-scaled.jpg","datePublished":"2021-04-05T08:23:09+00:00","dateModified":"2022-04-06T10:37:20+00:00","author":{"@id":"https:\/\/perfimur.com\/web\/#\/schema\/person\/5eaaa92c43847745bd67c1c76f7429df"},"breadcrumb":{"@id":"https:\/\/perfimur.com\/web\/fr\/perfimur-augmente-sa-capacite-avec-deux-nouvelles-lignes-de-production\/#breadcrumb"},"inLanguage":"es","potentialAction":[{"@type":"ReadAction","target":["https:\/\/perfimur.com\/web\/fr\/perfimur-augmente-sa-capacite-avec-deux-nouvelles-lignes-de-production\/"]}]},{"@type":"ImageObject","inLanguage":"es","@id":"https:\/\/perfimur.com\/web\/fr\/perfimur-augmente-sa-capacite-avec-deux-nouvelles-lignes-de-production\/#primaryimage","url":"https:\/\/perfimur.com\/web\/wp-content\/uploads\/2020\/09\/DSC_0361-scaled.jpg","contentUrl":"https:\/\/perfimur.com\/web\/wp-content\/uploads\/2020\/09\/DSC_0361-scaled.jpg","width":2560,"height":1700},{"@type":"BreadcrumbList","@id":"https:\/\/perfimur.com\/web\/fr\/perfimur-augmente-sa-capacite-avec-deux-nouvelles-lignes-de-production\/#breadcrumb","itemListElement":[{"@type":"ListItem","position":1,"name":"Portada","item":"https:\/\/perfimur.com\/web\/"},{"@type":"ListItem","position":2,"name":"Perfimur augmente sa capacit\u00e9 avec deux nouvelles lignes de production"}]},{"@type":"WebSite","@id":"https:\/\/perfimur.com\/web\/#website","url":"https:\/\/perfimur.com\/web\/","name":"Perfimur","description":"Perfiles Murcia","potentialAction":[{"@type":"SearchAction","target":{"@type":"EntryPoint","urlTemplate":"https:\/\/perfimur.com\/web\/?s={search_term_string}"},"query-input":{"@type":"PropertyValueSpecification","valueRequired":true,"valueName":"search_term_string"}}],"inLanguage":"es"},{"@type":"Person","@id":"https:\/\/perfimur.com\/web\/#\/schema\/person\/5eaaa92c43847745bd67c1c76f7429df","name":"perfimur","image":{"@type":"ImageObject","inLanguage":"es","@id":"https:\/\/perfimur.com\/web\/#\/schema\/person\/image\/","url":"https:\/\/secure.gravatar.com\/avatar\/aef39cdb3d5569b6008531aa9e1297cae0053ff9672b28e86aba3d11e511f5cd?s=96&d=mm&r=g","contentUrl":"https:\/\/secure.gravatar.com\/avatar\/aef39cdb3d5569b6008531aa9e1297cae0053ff9672b28e86aba3d11e511f5cd?s=96&d=mm&r=g","caption":"perfimur"}}]}},"_links":{"self":[{"href":"https:\/\/perfimur.com\/web\/wp-json\/wp\/v2\/posts\/753","targetHints":{"allow":["GET"]}}],"collection":[{"href":"https:\/\/perfimur.com\/web\/wp-json\/wp\/v2\/posts"}],"about":[{"href":"https:\/\/perfimur.com\/web\/wp-json\/wp\/v2\/types\/post"}],"author":[{"embeddable":true,"href":"https:\/\/perfimur.com\/web\/wp-json\/wp\/v2\/users\/1"}],"replies":[{"embeddable":true,"href":"https:\/\/perfimur.com\/web\/wp-json\/wp\/v2\/comments?post=753"}],"version-history":[{"count":3,"href":"https:\/\/perfimur.com\/web\/wp-json\/wp\/v2\/posts\/753\/revisions"}],"predecessor-version":[{"id":822,"href":"https:\/\/perfimur.com\/web\/wp-json\/wp\/v2\/posts\/753\/revisions\/822"}],"wp:featuredmedia":[{"embeddable":true,"href":"https:\/\/perfimur.com\/web\/wp-json\/wp\/v2\/media\/394"}],"wp:attachment":[{"href":"https:\/\/perfimur.com\/web\/wp-json\/wp\/v2\/media?parent=753"}],"wp:term":[{"taxonomy":"category","embeddable":true,"href":"https:\/\/perfimur.com\/web\/wp-json\/wp\/v2\/categories?post=753"},{"taxonomy":"post_tag","embeddable":true,"href":"https:\/\/perfimur.com\/web\/wp-json\/wp\/v2\/tags?post=753"}],"curies":[{"name":"wp","href":"https:\/\/api.w.org\/{rel}","templated":true}]}}